{"id":425,"date":"2024-12-23T14:18:22","date_gmt":"2024-12-23T12:18:22","guid":{"rendered":"https:\/\/dataconingenieria.com\/?p=425"},"modified":"2025-06-05T16:34:16","modified_gmt":"2025-06-05T14:34:16","slug":"albasur-coloca-la-primera-piedra-para-la-ampliacion-de-un-centro-polivalente-de-estancia-diurna-con-terapia-ocupacional","status":"publish","type":"post","link":"https:\/\/dataconingenieria.com\/index.php\/2024\/12\/23\/albasur-coloca-la-primera-piedra-para-la-ampliacion-de-un-centro-polivalente-de-estancia-diurna-con-terapia-ocupacional\/","title":{"rendered":"Albasur coloca la primera piedra para la ampliaci\u00f3n de un centro polivalente de estancia diurna con terapia ocupacional."},"content":{"rendered":"\n<h5 class=\"wp-block-heading\">El nuevo\u00a0edificio, ser\u00e1 ejecutado por la empresa <strong>Datacon Ingenier\u00eda de Construcci\u00f3n SL<\/strong>, elev\u00e1ndose su cuant\u00eda a 660.000 euros, financiados \u00edntegramente por la Junta de Andaluc\u00eda, dentro del programa para la construcci\u00f3n y\/o adaptaci\u00f3n de centros de d\u00eda y centros residenciales para personas con discapacidad, destinado a entidades sin \u00e1nimo de lucro a fin de adecuarlos al nuevo modelo de cuidados de larga duraci\u00f3n, con cargo a los fondos europeos procedentes del Mecanismo para la Recuperaci\u00f3n y Resiliencia (Next Generation EU).<\/h5>\n\n\n\n<figure class=\"wp-block-image size-large\"><img fetchpriority=\"high\" decoding=\"async\" width=\"1024\" height=\"612\" src=\"https:\/\/dataconingenieria.com\/wp-content\/uploads\/2024\/12\/image-1024x612.png\" alt=\"\" class=\"wp-image-426\" srcset=\"https:\/\/dataconingenieria.com\/wp-content\/uploads\/2024\/12\/image-1024x612.png 1024w, https:\/\/dataconingenieria.com\/wp-content\/uploads\/2024\/12\/image-300x179.png 300w, https:\/\/dataconingenieria.com\/wp-content\/uploads\/2024\/12\/image-768x459.png 768w, https:\/\/dataconingenieria.com\/wp-content\/uploads\/2024\/12\/image-600x359.png 600w, https:\/\/dataconingenieria.com\/wp-content\/uploads\/2024\/12\/image-1200x717.png 1200w, https:\/\/dataconingenieria.com\/wp-content\/uploads\/2024\/12\/image-194x116.png 194w, https:\/\/dataconingenieria.com\/wp-content\/uploads\/2024\/12\/image.png 1322w\" sizes=\"(max-width: 1024px) 100vw, 1024px\" \/><\/figure>\n\n\n\n<p><\/p>\n","protected":false},"excerpt":{"rendered":"<p>El nuevo\u00a0edificio, ser\u00e1 ejecutado por la empresa Datacon Ingenier\u00eda de Construcci\u00f3n SL, elev\u00e1ndose su cuant\u00eda a 660.000 euros, financiados \u00edntegramente por la Junta de Andaluc\u00eda, dentro del programa para la construcci\u00f3n y\/o adaptaci\u00f3n de centros de d\u00eda y centros residenciales para personas con discapacidad, destinado a entidades sin \u00e1nimo de lucro a fin de adecuarlos [&hellip;]<\/p>\n","protected":false},"author":1,"featured_media":426,"comment_status":"closed","ping_status":"closed","sticky":false,"template":"","format":"standard","meta":{"footnotes":""},"categories":[1],"tags":[],"class_list":["post-425","post","type-post","status-publish","format-standard","has-post-thumbnail","hentry","category-noticias"],"yoast_head":"<!-- This site is optimized with the Yoast SEO plugin v27.5 - https:\/\/yoast.com\/product\/yoast-seo-wordpress\/ -->\n<title>Albasur coloca la primera piedra para la ampliaci\u00f3n de un centro polivalente de estancia diurna con terapia ocupacional. - Datacon - Ingenier\u00eda de Construcci\u00f3n<\/title>\n<meta name=\"robots\" content=\"index, follow, max-snippet:-1, max-image-preview:large, max-video-preview:-1\" \/>\n<link rel=\"canonical\" href=\"https:\/\/dataconingenieria.com\/index.php\/2024\/12\/23\/albasur-coloca-la-primera-piedra-para-la-ampliacion-de-un-centro-polivalente-de-estancia-diurna-con-terapia-ocupacional\/\" \/>\n<meta property=\"og:locale\" content=\"es_ES\" \/>\n<meta property=\"og:type\" content=\"article\" \/>\n<meta property=\"og:title\" content=\"Albasur coloca la primera piedra para la ampliaci\u00f3n de un centro polivalente de estancia diurna con terapia ocupacional. - Datacon - Ingenier\u00eda de Construcci\u00f3n\" \/>\n<meta property=\"og:description\" content=\"El nuevo\u00a0edificio, ser\u00e1 ejecutado por la empresa Datacon Ingenier\u00eda de Construcci\u00f3n SL, elev\u00e1ndose su cuant\u00eda a 660.000 euros, financiados \u00edntegramente por la Junta de Andaluc\u00eda, dentro del programa para la construcci\u00f3n y\/o adaptaci\u00f3n de centros de d\u00eda y centros residenciales para personas con discapacidad, destinado a entidades sin \u00e1nimo de lucro a fin de adecuarlos [&hellip;]\" \/>\n<meta property=\"og:url\" content=\"https:\/\/dataconingenieria.com\/index.php\/2024\/12\/23\/albasur-coloca-la-primera-piedra-para-la-ampliacion-de-un-centro-polivalente-de-estancia-diurna-con-terapia-ocupacional\/\" \/>\n<meta property=\"og:site_name\" content=\"Datacon - Ingenier\u00eda de Construcci\u00f3n\" \/>\n<meta property=\"article:publisher\" content=\"https:\/\/www.facebook.com\/profile.php?id=100008873568400\" \/>\n<meta property=\"article:author\" content=\"https:\/\/www.facebook.com\/people\/Datacon-Ingenieria-de-Construccion\/100008873568400\/\" \/>\n<meta property=\"article:published_time\" content=\"2024-12-23T12:18:22+00:00\" \/>\n<meta property=\"article:modified_time\" content=\"2025-06-05T14:34:16+00:00\" \/>\n<meta property=\"og:image\" content=\"https:\/\/dataconingenieria.com\/wp-content\/uploads\/2024\/12\/image.png\" \/>\n\t<meta property=\"og:image:width\" content=\"1322\" \/>\n\t<meta property=\"og:image:height\" content=\"790\" \/>\n\t<meta property=\"og:image:type\" content=\"image\/png\" \/>\n<meta name=\"author\" content=\"admin\" \/>\n<meta name=\"twitter:card\" content=\"summary_large_image\" \/>\n<meta name=\"twitter:label1\" content=\"Escrito por\" \/>\n\t<meta name=\"twitter:data1\" content=\"admin\" \/>\n\t<meta name=\"twitter:label2\" content=\"Tiempo de lectura\" \/>\n\t<meta name=\"twitter:data2\" content=\"1 minuto\" \/>\n<script type=\"application\/ld+json\" class=\"yoast-schema-graph\">{\"@context\":\"https:\\\/\\\/schema.org\",\"@graph\":[{\"@type\":\"Article\",\"@id\":\"https:\\\/\\\/dataconingenieria.com\\\/index.php\\\/2024\\\/12\\\/23\\\/albasur-coloca-la-primera-piedra-para-la-ampliacion-de-un-centro-polivalente-de-estancia-diurna-con-terapia-ocupacional\\\/#article\",\"isPartOf\":{\"@id\":\"https:\\\/\\\/dataconingenieria.com\\\/index.php\\\/2024\\\/12\\\/23\\\/albasur-coloca-la-primera-piedra-para-la-ampliacion-de-un-centro-polivalente-de-estancia-diurna-con-terapia-ocupacional\\\/\"},\"author\":{\"name\":\"admin\",\"@id\":\"https:\\\/\\\/dataconingenieria.com\\\/#\\\/schema\\\/person\\\/9c4ae54dd5305a64de096213499b452f\"},\"headline\":\"Albasur coloca la primera piedra para la ampliaci\u00f3n de un centro polivalente de estancia diurna con terapia ocupacional.\",\"datePublished\":\"2024-12-23T12:18:22+00:00\",\"dateModified\":\"2025-06-05T14:34:16+00:00\",\"mainEntityOfPage\":{\"@id\":\"https:\\\/\\\/dataconingenieria.com\\\/index.php\\\/2024\\\/12\\\/23\\\/albasur-coloca-la-primera-piedra-para-la-ampliacion-de-un-centro-polivalente-de-estancia-diurna-con-terapia-ocupacional\\\/\"},\"wordCount\":110,\"publisher\":{\"@id\":\"https:\\\/\\\/dataconingenieria.com\\\/#organization\"},\"image\":{\"@id\":\"https:\\\/\\\/dataconingenieria.com\\\/index.php\\\/2024\\\/12\\\/23\\\/albasur-coloca-la-primera-piedra-para-la-ampliacion-de-un-centro-polivalente-de-estancia-diurna-con-terapia-ocupacional\\\/#primaryimage\"},\"thumbnailUrl\":\"https:\\\/\\\/dataconingenieria.com\\\/wp-content\\\/uploads\\\/2024\\\/12\\\/image.png\",\"articleSection\":[\"noticias\"],\"inLanguage\":\"es\"},{\"@type\":\"WebPage\",\"@id\":\"https:\\\/\\\/dataconingenieria.com\\\/index.php\\\/2024\\\/12\\\/23\\\/albasur-coloca-la-primera-piedra-para-la-ampliacion-de-un-centro-polivalente-de-estancia-diurna-con-terapia-ocupacional\\\/\",\"url\":\"https:\\\/\\\/dataconingenieria.com\\\/index.php\\\/2024\\\/12\\\/23\\\/albasur-coloca-la-primera-piedra-para-la-ampliacion-de-un-centro-polivalente-de-estancia-diurna-con-terapia-ocupacional\\\/\",\"name\":\"Albasur coloca la primera piedra para la ampliaci\u00f3n de un centro polivalente de estancia diurna con terapia ocupacional. - Datacon - Ingenier\u00eda de Construcci\u00f3n\",\"isPartOf\":{\"@id\":\"https:\\\/\\\/dataconingenieria.com\\\/#website\"},\"primaryImageOfPage\":{\"@id\":\"https:\\\/\\\/dataconingenieria.com\\\/index.php\\\/2024\\\/12\\\/23\\\/albasur-coloca-la-primera-piedra-para-la-ampliacion-de-un-centro-polivalente-de-estancia-diurna-con-terapia-ocupacional\\\/#primaryimage\"},\"image\":{\"@id\":\"https:\\\/\\\/dataconingenieria.com\\\/index.php\\\/2024\\\/12\\\/23\\\/albasur-coloca-la-primera-piedra-para-la-ampliacion-de-un-centro-polivalente-de-estancia-diurna-con-terapia-ocupacional\\\/#primaryimage\"},\"thumbnailUrl\":\"https:\\\/\\\/dataconingenieria.com\\\/wp-content\\\/uploads\\\/2024\\\/12\\\/image.png\",\"datePublished\":\"2024-12-23T12:18:22+00:00\",\"dateModified\":\"2025-06-05T14:34:16+00:00\",\"breadcrumb\":{\"@id\":\"https:\\\/\\\/dataconingenieria.com\\\/index.php\\\/2024\\\/12\\\/23\\\/albasur-coloca-la-primera-piedra-para-la-ampliacion-de-un-centro-polivalente-de-estancia-diurna-con-terapia-ocupacional\\\/#breadcrumb\"},\"inLanguage\":\"es\",\"potentialAction\":[{\"@type\":\"ReadAction\",\"target\":[\"https:\\\/\\\/dataconingenieria.com\\\/index.php\\\/2024\\\/12\\\/23\\\/albasur-coloca-la-primera-piedra-para-la-ampliacion-de-un-centro-polivalente-de-estancia-diurna-con-terapia-ocupacional\\\/\"]}]},{\"@type\":\"ImageObject\",\"inLanguage\":\"es\",\"@id\":\"https:\\\/\\\/dataconingenieria.com\\\/index.php\\\/2024\\\/12\\\/23\\\/albasur-coloca-la-primera-piedra-para-la-ampliacion-de-un-centro-polivalente-de-estancia-diurna-con-terapia-ocupacional\\\/#primaryimage\",\"url\":\"https:\\\/\\\/dataconingenieria.com\\\/wp-content\\\/uploads\\\/2024\\\/12\\\/image.png\",\"contentUrl\":\"https:\\\/\\\/dataconingenieria.com\\\/wp-content\\\/uploads\\\/2024\\\/12\\\/image.png\",\"width\":1322,\"height\":790},{\"@type\":\"BreadcrumbList\",\"@id\":\"https:\\\/\\\/dataconingenieria.com\\\/index.php\\\/2024\\\/12\\\/23\\\/albasur-coloca-la-primera-piedra-para-la-ampliacion-de-un-centro-polivalente-de-estancia-diurna-con-terapia-ocupacional\\\/#breadcrumb\",\"itemListElement\":[{\"@type\":\"ListItem\",\"position\":1,\"name\":\"Portada\",\"item\":\"https:\\\/\\\/dataconingenieria.com\\\/\"},{\"@type\":\"ListItem\",\"position\":2,\"name\":\"Albasur coloca la primera piedra para la ampliaci\u00f3n de un centro polivalente de estancia diurna con terapia ocupacional.\"}]},{\"@type\":\"WebSite\",\"@id\":\"https:\\\/\\\/dataconingenieria.com\\\/#website\",\"url\":\"https:\\\/\\\/dataconingenieria.com\\\/\",\"name\":\"Datacon - Ingenier\u00eda de Construcci\u00f3n\",\"description\":\"Constructora especializada en ingenier\u00eda civil\",\"publisher\":{\"@id\":\"https:\\\/\\\/dataconingenieria.com\\\/#organization\"},\"potentialAction\":[{\"@type\":\"SearchAction\",\"target\":{\"@type\":\"EntryPoint\",\"urlTemplate\":\"https:\\\/\\\/dataconingenieria.com\\\/?s={search_term_string}\"},\"query-input\":{\"@type\":\"PropertyValueSpecification\",\"valueRequired\":true,\"valueName\":\"search_term_string\"}}],\"inLanguage\":\"es\"},{\"@type\":\"Organization\",\"@id\":\"https:\\\/\\\/dataconingenieria.com\\\/#organization\",\"name\":\"Datacon - Ingenier\u00eda de Construcci\u00f3n\",\"url\":\"https:\\\/\\\/dataconingenieria.com\\\/\",\"logo\":{\"@type\":\"ImageObject\",\"inLanguage\":\"es\",\"@id\":\"https:\\\/\\\/dataconingenieria.com\\\/#\\\/schema\\\/logo\\\/image\\\/\",\"url\":\"https:\\\/\\\/dataconingenieria.com\\\/wp-content\\\/uploads\\\/2024\\\/12\\\/Logo-DATA-sin-fondo-1.png\",\"contentUrl\":\"https:\\\/\\\/dataconingenieria.com\\\/wp-content\\\/uploads\\\/2024\\\/12\\\/Logo-DATA-sin-fondo-1.png\",\"width\":250,\"height\":100,\"caption\":\"Datacon - Ingenier\u00eda de Construcci\u00f3n\"},\"image\":{\"@id\":\"https:\\\/\\\/dataconingenieria.com\\\/#\\\/schema\\\/logo\\\/image\\\/\"},\"sameAs\":[\"https:\\\/\\\/www.facebook.com\\\/profile.php?id=100008873568400\"]},{\"@type\":\"Person\",\"@id\":\"https:\\\/\\\/dataconingenieria.com\\\/#\\\/schema\\\/person\\\/9c4ae54dd5305a64de096213499b452f\",\"name\":\"admin\",\"sameAs\":[\"https:\\\/\\\/dataconingenieria.com\",\"https:\\\/\\\/www.facebook.com\\\/people\\\/Datacon-Ingenieria-de-Construccion\\\/100008873568400\\\/\",\"https:\\\/\\\/es.linkedin.com\\\/company\\\/datacon-ingenieria-de-construccion-sl\"],\"url\":\"https:\\\/\\\/dataconingenieria.com\\\/index.php\\\/author\\\/datacon\\\/\"}]}<\/script>\n<!-- \/ Yoast SEO plugin. -->","yoast_head_json":{"title":"Albasur coloca la primera piedra para la ampliaci\u00f3n de un centro polivalente de estancia diurna con terapia ocupacional. - Datacon - Ingenier\u00eda de Construcci\u00f3n","robots":{"index":"index","follow":"follow","max-snippet":"max-snippet:-1","max-image-preview":"max-image-preview:large","max-video-preview":"max-video-preview:-1"},"canonical":"https:\/\/dataconingenieria.com\/index.php\/2024\/12\/23\/albasur-coloca-la-primera-piedra-para-la-ampliacion-de-un-centro-polivalente-de-estancia-diurna-con-terapia-ocupacional\/","og_locale":"es_ES","og_type":"article","og_title":"Albasur coloca la primera piedra para la ampliaci\u00f3n de un centro polivalente de estancia diurna con terapia ocupacional. - Datacon - Ingenier\u00eda de Construcci\u00f3n","og_description":"El nuevo\u00a0edificio, ser\u00e1 ejecutado por la empresa Datacon Ingenier\u00eda de Construcci\u00f3n SL, elev\u00e1ndose su cuant\u00eda a 660.000 euros, financiados \u00edntegramente por la Junta de Andaluc\u00eda, dentro del programa para la construcci\u00f3n y\/o adaptaci\u00f3n de centros de d\u00eda y centros residenciales para personas con discapacidad, destinado a entidades sin \u00e1nimo de lucro a fin de adecuarlos [&hellip;]","og_url":"https:\/\/dataconingenieria.com\/index.php\/2024\/12\/23\/albasur-coloca-la-primera-piedra-para-la-ampliacion-de-un-centro-polivalente-de-estancia-diurna-con-terapia-ocupacional\/","og_site_name":"Datacon - Ingenier\u00eda de Construcci\u00f3n","article_publisher":"https:\/\/www.facebook.com\/profile.php?id=100008873568400","article_author":"https:\/\/www.facebook.com\/people\/Datacon-Ingenieria-de-Construccion\/100008873568400\/","article_published_time":"2024-12-23T12:18:22+00:00","article_modified_time":"2025-06-05T14:34:16+00:00","og_image":[{"width":1322,"height":790,"url":"https:\/\/dataconingenieria.com\/wp-content\/uploads\/2024\/12\/image.png","type":"image\/png"}],"author":"admin","twitter_card":"summary_large_image","twitter_misc":{"Escrito por":"admin","Tiempo de lectura":"1 minuto"},"schema":{"@context":"https:\/\/schema.org","@graph":[{"@type":"Article","@id":"https:\/\/dataconingenieria.com\/index.php\/2024\/12\/23\/albasur-coloca-la-primera-piedra-para-la-ampliacion-de-un-centro-polivalente-de-estancia-diurna-con-terapia-ocupacional\/#article","isPartOf":{"@id":"https:\/\/dataconingenieria.com\/index.php\/2024\/12\/23\/albasur-coloca-la-primera-piedra-para-la-ampliacion-de-un-centro-polivalente-de-estancia-diurna-con-terapia-ocupacional\/"},"author":{"name":"admin","@id":"https:\/\/dataconingenieria.com\/#\/schema\/person\/9c4ae54dd5305a64de096213499b452f"},"headline":"Albasur coloca la primera piedra para la ampliaci\u00f3n de un centro polivalente de estancia diurna con terapia ocupacional.","datePublished":"2024-12-23T12:18:22+00:00","dateModified":"2025-06-05T14:34:16+00:00","mainEntityOfPage":{"@id":"https:\/\/dataconingenieria.com\/index.php\/2024\/12\/23\/albasur-coloca-la-primera-piedra-para-la-ampliacion-de-un-centro-polivalente-de-estancia-diurna-con-terapia-ocupacional\/"},"wordCount":110,"publisher":{"@id":"https:\/\/dataconingenieria.com\/#organization"},"image":{"@id":"https:\/\/dataconingenieria.com\/index.php\/2024\/12\/23\/albasur-coloca-la-primera-piedra-para-la-ampliacion-de-un-centro-polivalente-de-estancia-diurna-con-terapia-ocupacional\/#primaryimage"},"thumbnailUrl":"https:\/\/dataconingenieria.com\/wp-content\/uploads\/2024\/12\/image.png","articleSection":["noticias"],"inLanguage":"es"},{"@type":"WebPage","@id":"https:\/\/dataconingenieria.com\/index.php\/2024\/12\/23\/albasur-coloca-la-primera-piedra-para-la-ampliacion-de-un-centro-polivalente-de-estancia-diurna-con-terapia-ocupacional\/","url":"https:\/\/dataconingenieria.com\/index.php\/2024\/12\/23\/albasur-coloca-la-primera-piedra-para-la-ampliacion-de-un-centro-polivalente-de-estancia-diurna-con-terapia-ocupacional\/","name":"Albasur coloca la primera piedra para la ampliaci\u00f3n de un centro polivalente de estancia diurna con terapia ocupacional. - Datacon - Ingenier\u00eda de Construcci\u00f3n","isPartOf":{"@id":"https:\/\/dataconingenieria.com\/#website"},"primaryImageOfPage":{"@id":"https:\/\/dataconingenieria.com\/index.php\/2024\/12\/23\/albasur-coloca-la-primera-piedra-para-la-ampliacion-de-un-centro-polivalente-de-estancia-diurna-con-terapia-ocupacional\/#primaryimage"},"image":{"@id":"https:\/\/dataconingenieria.com\/index.php\/2024\/12\/23\/albasur-coloca-la-primera-piedra-para-la-ampliacion-de-un-centro-polivalente-de-estancia-diurna-con-terapia-ocupacional\/#primaryimage"},"thumbnailUrl":"https:\/\/dataconingenieria.com\/wp-content\/uploads\/2024\/12\/image.png","datePublished":"2024-12-23T12:18:22+00:00","dateModified":"2025-06-05T14:34:16+00:00","breadcrumb":{"@id":"https:\/\/dataconingenieria.com\/index.php\/2024\/12\/23\/albasur-coloca-la-primera-piedra-para-la-ampliacion-de-un-centro-polivalente-de-estancia-diurna-con-terapia-ocupacional\/#breadcrumb"},"inLanguage":"es","potentialAction":[{"@type":"ReadAction","target":["https:\/\/dataconingenieria.com\/index.php\/2024\/12\/23\/albasur-coloca-la-primera-piedra-para-la-ampliacion-de-un-centro-polivalente-de-estancia-diurna-con-terapia-ocupacional\/"]}]},{"@type":"ImageObject","inLanguage":"es","@id":"https:\/\/dataconingenieria.com\/index.php\/2024\/12\/23\/albasur-coloca-la-primera-piedra-para-la-ampliacion-de-un-centro-polivalente-de-estancia-diurna-con-terapia-ocupacional\/#primaryimage","url":"https:\/\/dataconingenieria.com\/wp-content\/uploads\/2024\/12\/image.png","contentUrl":"https:\/\/dataconingenieria.com\/wp-content\/uploads\/2024\/12\/image.png","width":1322,"height":790},{"@type":"BreadcrumbList","@id":"https:\/\/dataconingenieria.com\/index.php\/2024\/12\/23\/albasur-coloca-la-primera-piedra-para-la-ampliacion-de-un-centro-polivalente-de-estancia-diurna-con-terapia-ocupacional\/#breadcrumb","itemListElement":[{"@type":"ListItem","position":1,"name":"Portada","item":"https:\/\/dataconingenieria.com\/"},{"@type":"ListItem","position":2,"name":"Albasur coloca la primera piedra para la ampliaci\u00f3n de un centro polivalente de estancia diurna con terapia ocupacional."}]},{"@type":"WebSite","@id":"https:\/\/dataconingenieria.com\/#website","url":"https:\/\/dataconingenieria.com\/","name":"Datacon - Ingenier\u00eda de Construcci\u00f3n","description":"Constructora especializada en ingenier\u00eda civil","publisher":{"@id":"https:\/\/dataconingenieria.com\/#organization"},"potentialAction":[{"@type":"SearchAction","target":{"@type":"EntryPoint","urlTemplate":"https:\/\/dataconingenieria.com\/?s={search_term_string}"},"query-input":{"@type":"PropertyValueSpecification","valueRequired":true,"valueName":"search_term_string"}}],"inLanguage":"es"},{"@type":"Organization","@id":"https:\/\/dataconingenieria.com\/#organization","name":"Datacon - Ingenier\u00eda de Construcci\u00f3n","url":"https:\/\/dataconingenieria.com\/","logo":{"@type":"ImageObject","inLanguage":"es","@id":"https:\/\/dataconingenieria.com\/#\/schema\/logo\/image\/","url":"https:\/\/dataconingenieria.com\/wp-content\/uploads\/2024\/12\/Logo-DATA-sin-fondo-1.png","contentUrl":"https:\/\/dataconingenieria.com\/wp-content\/uploads\/2024\/12\/Logo-DATA-sin-fondo-1.png","width":250,"height":100,"caption":"Datacon - Ingenier\u00eda de Construcci\u00f3n"},"image":{"@id":"https:\/\/dataconingenieria.com\/#\/schema\/logo\/image\/"},"sameAs":["https:\/\/www.facebook.com\/profile.php?id=100008873568400"]},{"@type":"Person","@id":"https:\/\/dataconingenieria.com\/#\/schema\/person\/9c4ae54dd5305a64de096213499b452f","name":"admin","sameAs":["https:\/\/dataconingenieria.com","https:\/\/www.facebook.com\/people\/Datacon-Ingenieria-de-Construccion\/100008873568400\/","https:\/\/es.linkedin.com\/company\/datacon-ingenieria-de-construccion-sl"],"url":"https:\/\/dataconingenieria.com\/index.php\/author\/datacon\/"}]}},"featured_media_urls":{"thumbnail":["https:\/\/dataconingenieria.com\/wp-content\/uploads\/2024\/12\/image-150x150.png",150,150,true],"medium":["https:\/\/dataconingenieria.com\/wp-content\/uploads\/2024\/12\/image-300x179.png",300,179,true],"medium_large":["https:\/\/dataconingenieria.com\/wp-content\/uploads\/2024\/12\/image-768x459.png",768,459,true],"large":["https:\/\/dataconingenieria.com\/wp-content\/uploads\/2024\/12\/image-1024x612.png",1024,612,true],"1536x1536":["https:\/\/dataconingenieria.com\/wp-content\/uploads\/2024\/12\/image.png",1322,790,false],"2048x2048":["https:\/\/dataconingenieria.com\/wp-content\/uploads\/2024\/12\/image.png",1322,790,false],"portfolio_item-thumbnail":["https:\/\/dataconingenieria.com\/wp-content\/uploads\/2024\/12\/image-600x400.png",600,400,true],"portfolio_item-thumbnail@2x":["https:\/\/dataconingenieria.com\/wp-content\/uploads\/2024\/12\/image-1200x790.png",1200,790,true],"portfolio_item-masonry":["https:\/\/dataconingenieria.com\/wp-content\/uploads\/2024\/12\/image-600x359.png",600,359,true],"portfolio_item-masonry@2x":["https:\/\/dataconingenieria.com\/wp-content\/uploads\/2024\/12\/image-1200x717.png",1200,717,true],"portfolio_item-thumbnail_cinema":["https:\/\/dataconingenieria.com\/wp-content\/uploads\/2024\/12\/image-800x335.png",800,335,true],"portfolio_item-thumbnail_portrait":["https:\/\/dataconingenieria.com\/wp-content\/uploads\/2024\/12\/image-600x790.png",600,790,true],"portfolio_item-thumbnail_portrait@2x":["https:\/\/dataconingenieria.com\/wp-content\/uploads\/2024\/12\/image-1200x790.png",1200,790,true],"portfolio_item-thumbnail_square":["https:\/\/dataconingenieria.com\/wp-content\/uploads\/2024\/12\/image-800x790.png",800,790,true],"form-edit-image-preview":["https:\/\/dataconingenieria.com\/wp-content\/uploads\/2024\/12\/image-194x116.png",194,116,true]},"_links":{"self":[{"href":"https:\/\/dataconingenieria.com\/index.php\/wp-json\/wp\/v2\/posts\/425","targetHints":{"allow":["GET"]}}],"collection":[{"href":"https:\/\/dataconingenieria.com\/index.php\/wp-json\/wp\/v2\/posts"}],"about":[{"href":"https:\/\/dataconingenieria.com\/index.php\/wp-json\/wp\/v2\/types\/post"}],"author":[{"embeddable":true,"href":"https:\/\/dataconingenieria.com\/index.php\/wp-json\/wp\/v2\/users\/1"}],"replies":[{"embeddable":true,"href":"https:\/\/dataconingenieria.com\/index.php\/wp-json\/wp\/v2\/comments?post=425"}],"version-history":[{"count":1,"href":"https:\/\/dataconingenieria.com\/index.php\/wp-json\/wp\/v2\/posts\/425\/revisions"}],"predecessor-version":[{"id":427,"href":"https:\/\/dataconingenieria.com\/index.php\/wp-json\/wp\/v2\/posts\/425\/revisions\/427"}],"wp:featuredmedia":[{"embeddable":true,"href":"https:\/\/dataconingenieria.com\/index.php\/wp-json\/wp\/v2\/media\/426"}],"wp:attachment":[{"href":"https:\/\/dataconingenieria.com\/index.php\/wp-json\/wp\/v2\/media?parent=425"}],"wp:term":[{"taxonomy":"category","embeddable":true,"href":"https:\/\/dataconingenieria.com\/index.php\/wp-json\/wp\/v2\/categories?post=425"},{"taxonomy":"post_tag","embeddable":true,"href":"https:\/\/dataconingenieria.com\/index.php\/wp-json\/wp\/v2\/tags?post=425"}],"curies":[{"name":"wp","href":"https:\/\/api.w.org\/{rel}","templated":true}]}}