{"id":448,"date":"2025-04-09T16:14:11","date_gmt":"2025-04-09T14:14:11","guid":{"rendered":"https:\/\/dataconingenieria.com\/?p=448"},"modified":"2025-06-12T12:18:03","modified_gmt":"2025-06-12T10:18:03","slug":"vallado-en-el-alfar-romano-los-tejares-lucena-cordoba","status":"publish","type":"post","link":"https:\/\/dataconingenieria.com\/index.php\/2025\/04\/09\/vallado-en-el-alfar-romano-los-tejares-lucena-cordoba\/","title":{"rendered":"Vallado en el ALFAR ROMANO \u201cLos Tejares\u201d Lucena, (C\u00f3rdoba)"},"content":{"rendered":"\n<p><a href=\"https:\/\/dataconingenieria.com\/\">Datacon Ingenier\u00eda<\/a> va a llevar a cabo las obras de ejecuci\u00f3n del vallado del Alfar Romano \u201cLos Tejares\u201d, ubicado en la localidad de Lucena (C\u00f3rdoba). La actuaci\u00f3n comprender\u00e1 tanto la renovaci\u00f3n de tramos deteriorados como la ampliaci\u00f3n del cerramiento ya existente, con el objetivo de reforzar la protecci\u00f3n y puesta en valor de este importante enclave arqueol\u00f3gico.<\/p>\n\n\n\n<figure class=\"wp-block-gallery has-nested-images columns-default is-cropped wp-block-gallery-1 is-layout-flex wp-block-gallery-is-layout-flex\">\n<figure class=\"wp-block-image size-large\"><img fetchpriority=\"high\" decoding=\"async\" width=\"1024\" height=\"585\" data-id=\"453\" src=\"https:\/\/dataconingenieria.com\/wp-content\/uploads\/2025\/04\/Tarjeta-de-visita-1-1024x585.png\" alt=\"Datacon Ingenier\u00eda\" class=\"wp-image-453\" srcset=\"https:\/\/dataconingenieria.com\/wp-content\/uploads\/2025\/04\/Tarjeta-de-visita-1-1024x585.png 1024w, https:\/\/dataconingenieria.com\/wp-content\/uploads\/2025\/04\/Tarjeta-de-visita-1-300x171.png 300w, https:\/\/dataconingenieria.com\/wp-content\/uploads\/2025\/04\/Tarjeta-de-visita-1-768x439.png 768w, https:\/\/dataconingenieria.com\/wp-content\/uploads\/2025\/04\/Tarjeta-de-visita-1-600x343.png 600w, https:\/\/dataconingenieria.com\/wp-content\/uploads\/2025\/04\/Tarjeta-de-visita-1-203x116.png 203w, https:\/\/dataconingenieria.com\/wp-content\/uploads\/2025\/04\/Tarjeta-de-visita-1.png 1050w\" sizes=\"(max-width: 1024px) 100vw, 1024px\" \/><\/figure>\n<\/figure>\n","protected":false},"excerpt":{"rendered":"<p>Datacon Ingenier\u00eda va a llevar a cabo las obras de ejecuci\u00f3n del vallado del Alfar Romano \u201cLos Tejares\u201d, ubicado en la localidad de Lucena (C\u00f3rdoba). La actuaci\u00f3n comprender\u00e1 tanto la renovaci\u00f3n de tramos deteriorados como la ampliaci\u00f3n del cerramiento ya existente, con el objetivo de reforzar la protecci\u00f3n y puesta en valor de este importante [&hellip;]<\/p>\n","protected":false},"author":1,"featured_media":655,"comment_status":"closed","ping_status":"closed","sticky":false,"template":"","format":"standard","meta":{"footnotes":""},"categories":[1],"tags":[],"class_list":["post-448","post","type-post","status-publish","format-standard","has-post-thumbnail","hentry","category-noticias"],"yoast_head":"<!-- This site is optimized with the Yoast SEO plugin v27.5 - https:\/\/yoast.com\/product\/yoast-seo-wordpress\/ -->\n<title>Vallado en el ALFAR ROMANO \u201cLos Tejares\u201d Lucena, (C\u00f3rdoba) - Datacon - Ingenier\u00eda de Construcci\u00f3n<\/title>\n<meta name=\"description\" content=\"Ejecuci\u00f3n de vallado en el Alfar Romano \u201cLos Tejares\u201d en Lucena por parte de DATACON Ingenier\u00eda. Renovaci\u00f3n y ampliaci\u00f3n.\" \/>\n<meta name=\"robots\" content=\"index, follow, max-snippet:-1, max-image-preview:large, max-video-preview:-1\" \/>\n<link rel=\"canonical\" href=\"https:\/\/dataconingenieria.com\/index.php\/2025\/04\/09\/vallado-en-el-alfar-romano-los-tejares-lucena-cordoba\/\" \/>\n<meta property=\"og:locale\" content=\"es_ES\" \/>\n<meta property=\"og:type\" content=\"article\" \/>\n<meta property=\"og:title\" content=\"Vallado en el ALFAR ROMANO \u201cLos Tejares\u201d Lucena, (C\u00f3rdoba) - Datacon - Ingenier\u00eda de Construcci\u00f3n\" \/>\n<meta property=\"og:description\" content=\"Ejecuci\u00f3n de vallado en el Alfar Romano \u201cLos Tejares\u201d en Lucena por parte de DATACON Ingenier\u00eda. Renovaci\u00f3n y ampliaci\u00f3n.\" \/>\n<meta property=\"og:url\" content=\"https:\/\/dataconingenieria.com\/index.php\/2025\/04\/09\/vallado-en-el-alfar-romano-los-tejares-lucena-cordoba\/\" \/>\n<meta property=\"og:site_name\" content=\"Datacon - Ingenier\u00eda de Construcci\u00f3n\" \/>\n<meta property=\"article:publisher\" content=\"https:\/\/www.facebook.com\/profile.php?id=100008873568400\" \/>\n<meta property=\"article:author\" content=\"https:\/\/www.facebook.com\/people\/Datacon-Ingenieria-de-Construccion\/100008873568400\/\" \/>\n<meta property=\"article:published_time\" content=\"2025-04-09T14:14:11+00:00\" \/>\n<meta property=\"article:modified_time\" content=\"2025-06-12T10:18:03+00:00\" \/>\n<meta property=\"og:image\" content=\"https:\/\/dataconingenieria.com\/wp-content\/uploads\/2025\/04\/Vallado-Alfar-Lucena.jpg\" \/>\n\t<meta property=\"og:image:width\" content=\"1600\" \/>\n\t<meta property=\"og:image:height\" content=\"1200\" \/>\n\t<meta property=\"og:image:type\" content=\"image\/jpeg\" \/>\n<meta name=\"author\" content=\"admin\" \/>\n<meta name=\"twitter:card\" content=\"summary_large_image\" \/>\n<meta name=\"twitter:label1\" content=\"Escrito por\" \/>\n\t<meta name=\"twitter:data1\" content=\"admin\" \/>\n\t<meta name=\"twitter:label2\" content=\"Tiempo de lectura\" \/>\n\t<meta name=\"twitter:data2\" content=\"1 minuto\" \/>\n<script type=\"application\/ld+json\" class=\"yoast-schema-graph\">{\"@context\":\"https:\\\/\\\/schema.org\",\"@graph\":[{\"@type\":\"Article\",\"@id\":\"https:\\\/\\\/dataconingenieria.com\\\/index.php\\\/2025\\\/04\\\/09\\\/vallado-en-el-alfar-romano-los-tejares-lucena-cordoba\\\/#article\",\"isPartOf\":{\"@id\":\"https:\\\/\\\/dataconingenieria.com\\\/index.php\\\/2025\\\/04\\\/09\\\/vallado-en-el-alfar-romano-los-tejares-lucena-cordoba\\\/\"},\"author\":{\"name\":\"admin\",\"@id\":\"https:\\\/\\\/dataconingenieria.com\\\/#\\\/schema\\\/person\\\/9c4ae54dd5305a64de096213499b452f\"},\"headline\":\"Vallado en el ALFAR ROMANO \u201cLos Tejares\u201d Lucena, (C\u00f3rdoba)\",\"datePublished\":\"2025-04-09T14:14:11+00:00\",\"dateModified\":\"2025-06-12T10:18:03+00:00\",\"mainEntityOfPage\":{\"@id\":\"https:\\\/\\\/dataconingenieria.com\\\/index.php\\\/2025\\\/04\\\/09\\\/vallado-en-el-alfar-romano-los-tejares-lucena-cordoba\\\/\"},\"wordCount\":75,\"publisher\":{\"@id\":\"https:\\\/\\\/dataconingenieria.com\\\/#organization\"},\"image\":{\"@id\":\"https:\\\/\\\/dataconingenieria.com\\\/index.php\\\/2025\\\/04\\\/09\\\/vallado-en-el-alfar-romano-los-tejares-lucena-cordoba\\\/#primaryimage\"},\"thumbnailUrl\":\"https:\\\/\\\/dataconingenieria.com\\\/wp-content\\\/uploads\\\/2025\\\/04\\\/Vallado-Alfar-Lucena.jpg\",\"articleSection\":[\"noticias\"],\"inLanguage\":\"es\"},{\"@type\":\"WebPage\",\"@id\":\"https:\\\/\\\/dataconingenieria.com\\\/index.php\\\/2025\\\/04\\\/09\\\/vallado-en-el-alfar-romano-los-tejares-lucena-cordoba\\\/\",\"url\":\"https:\\\/\\\/dataconingenieria.com\\\/index.php\\\/2025\\\/04\\\/09\\\/vallado-en-el-alfar-romano-los-tejares-lucena-cordoba\\\/\",\"name\":\"Vallado en el ALFAR ROMANO \u201cLos Tejares\u201d Lucena, (C\u00f3rdoba) - Datacon - Ingenier\u00eda de Construcci\u00f3n\",\"isPartOf\":{\"@id\":\"https:\\\/\\\/dataconingenieria.com\\\/#website\"},\"primaryImageOfPage\":{\"@id\":\"https:\\\/\\\/dataconingenieria.com\\\/index.php\\\/2025\\\/04\\\/09\\\/vallado-en-el-alfar-romano-los-tejares-lucena-cordoba\\\/#primaryimage\"},\"image\":{\"@id\":\"https:\\\/\\\/dataconingenieria.com\\\/index.php\\\/2025\\\/04\\\/09\\\/vallado-en-el-alfar-romano-los-tejares-lucena-cordoba\\\/#primaryimage\"},\"thumbnailUrl\":\"https:\\\/\\\/dataconingenieria.com\\\/wp-content\\\/uploads\\\/2025\\\/04\\\/Vallado-Alfar-Lucena.jpg\",\"datePublished\":\"2025-04-09T14:14:11+00:00\",\"dateModified\":\"2025-06-12T10:18:03+00:00\",\"description\":\"Ejecuci\u00f3n de vallado en el Alfar Romano \u201cLos Tejares\u201d en Lucena por parte de DATACON Ingenier\u00eda. Renovaci\u00f3n y ampliaci\u00f3n.\",\"breadcrumb\":{\"@id\":\"https:\\\/\\\/dataconingenieria.com\\\/index.php\\\/2025\\\/04\\\/09\\\/vallado-en-el-alfar-romano-los-tejares-lucena-cordoba\\\/#breadcrumb\"},\"inLanguage\":\"es\",\"potentialAction\":[{\"@type\":\"ReadAction\",\"target\":[\"https:\\\/\\\/dataconingenieria.com\\\/index.php\\\/2025\\\/04\\\/09\\\/vallado-en-el-alfar-romano-los-tejares-lucena-cordoba\\\/\"]}]},{\"@type\":\"ImageObject\",\"inLanguage\":\"es\",\"@id\":\"https:\\\/\\\/dataconingenieria.com\\\/index.php\\\/2025\\\/04\\\/09\\\/vallado-en-el-alfar-romano-los-tejares-lucena-cordoba\\\/#primaryimage\",\"url\":\"https:\\\/\\\/dataconingenieria.com\\\/wp-content\\\/uploads\\\/2025\\\/04\\\/Vallado-Alfar-Lucena.jpg\",\"contentUrl\":\"https:\\\/\\\/dataconingenieria.com\\\/wp-content\\\/uploads\\\/2025\\\/04\\\/Vallado-Alfar-Lucena.jpg\",\"width\":1600,\"height\":1200},{\"@type\":\"BreadcrumbList\",\"@id\":\"https:\\\/\\\/dataconingenieria.com\\\/index.php\\\/2025\\\/04\\\/09\\\/vallado-en-el-alfar-romano-los-tejares-lucena-cordoba\\\/#breadcrumb\",\"itemListElement\":[{\"@type\":\"ListItem\",\"position\":1,\"name\":\"Portada\",\"item\":\"https:\\\/\\\/dataconingenieria.com\\\/\"},{\"@type\":\"ListItem\",\"position\":2,\"name\":\"Vallado en el ALFAR ROMANO \u201cLos Tejares\u201d Lucena, (C\u00f3rdoba)\"}]},{\"@type\":\"WebSite\",\"@id\":\"https:\\\/\\\/dataconingenieria.com\\\/#website\",\"url\":\"https:\\\/\\\/dataconingenieria.com\\\/\",\"name\":\"Datacon - Ingenier\u00eda de Construcci\u00f3n\",\"description\":\"Constructora especializada en ingenier\u00eda civil\",\"publisher\":{\"@id\":\"https:\\\/\\\/dataconingenieria.com\\\/#organization\"},\"potentialAction\":[{\"@type\":\"SearchAction\",\"target\":{\"@type\":\"EntryPoint\",\"urlTemplate\":\"https:\\\/\\\/dataconingenieria.com\\\/?s={search_term_string}\"},\"query-input\":{\"@type\":\"PropertyValueSpecification\",\"valueRequired\":true,\"valueName\":\"search_term_string\"}}],\"inLanguage\":\"es\"},{\"@type\":\"Organization\",\"@id\":\"https:\\\/\\\/dataconingenieria.com\\\/#organization\",\"name\":\"Datacon - Ingenier\u00eda de Construcci\u00f3n\",\"url\":\"https:\\\/\\\/dataconingenieria.com\\\/\",\"logo\":{\"@type\":\"ImageObject\",\"inLanguage\":\"es\",\"@id\":\"https:\\\/\\\/dataconingenieria.com\\\/#\\\/schema\\\/logo\\\/image\\\/\",\"url\":\"https:\\\/\\\/dataconingenieria.com\\\/wp-content\\\/uploads\\\/2024\\\/12\\\/Logo-DATA-sin-fondo-1.png\",\"contentUrl\":\"https:\\\/\\\/dataconingenieria.com\\\/wp-content\\\/uploads\\\/2024\\\/12\\\/Logo-DATA-sin-fondo-1.png\",\"width\":250,\"height\":100,\"caption\":\"Datacon - Ingenier\u00eda de Construcci\u00f3n\"},\"image\":{\"@id\":\"https:\\\/\\\/dataconingenieria.com\\\/#\\\/schema\\\/logo\\\/image\\\/\"},\"sameAs\":[\"https:\\\/\\\/www.facebook.com\\\/profile.php?id=100008873568400\"]},{\"@type\":\"Person\",\"@id\":\"https:\\\/\\\/dataconingenieria.com\\\/#\\\/schema\\\/person\\\/9c4ae54dd5305a64de096213499b452f\",\"name\":\"admin\",\"sameAs\":[\"https:\\\/\\\/dataconingenieria.com\",\"https:\\\/\\\/www.facebook.com\\\/people\\\/Datacon-Ingenieria-de-Construccion\\\/100008873568400\\\/\",\"https:\\\/\\\/es.linkedin.com\\\/company\\\/datacon-ingenieria-de-construccion-sl\"],\"url\":\"https:\\\/\\\/dataconingenieria.com\\\/index.php\\\/author\\\/datacon\\\/\"}]}<\/script>\n<!-- \/ Yoast SEO plugin. -->","yoast_head_json":{"title":"Vallado en el ALFAR ROMANO \u201cLos Tejares\u201d Lucena, (C\u00f3rdoba) - Datacon - Ingenier\u00eda de Construcci\u00f3n","description":"Ejecuci\u00f3n de vallado en el Alfar Romano \u201cLos Tejares\u201d en Lucena por parte de DATACON Ingenier\u00eda. Renovaci\u00f3n y ampliaci\u00f3n.","robots":{"index":"index","follow":"follow","max-snippet":"max-snippet:-1","max-image-preview":"max-image-preview:large","max-video-preview":"max-video-preview:-1"},"canonical":"https:\/\/dataconingenieria.com\/index.php\/2025\/04\/09\/vallado-en-el-alfar-romano-los-tejares-lucena-cordoba\/","og_locale":"es_ES","og_type":"article","og_title":"Vallado en el ALFAR ROMANO \u201cLos Tejares\u201d Lucena, (C\u00f3rdoba) - Datacon - Ingenier\u00eda de Construcci\u00f3n","og_description":"Ejecuci\u00f3n de vallado en el Alfar Romano \u201cLos Tejares\u201d en Lucena por parte de DATACON Ingenier\u00eda. Renovaci\u00f3n y ampliaci\u00f3n.","og_url":"https:\/\/dataconingenieria.com\/index.php\/2025\/04\/09\/vallado-en-el-alfar-romano-los-tejares-lucena-cordoba\/","og_site_name":"Datacon - Ingenier\u00eda de Construcci\u00f3n","article_publisher":"https:\/\/www.facebook.com\/profile.php?id=100008873568400","article_author":"https:\/\/www.facebook.com\/people\/Datacon-Ingenieria-de-Construccion\/100008873568400\/","article_published_time":"2025-04-09T14:14:11+00:00","article_modified_time":"2025-06-12T10:18:03+00:00","og_image":[{"width":1600,"height":1200,"url":"https:\/\/dataconingenieria.com\/wp-content\/uploads\/2025\/04\/Vallado-Alfar-Lucena.jpg","type":"image\/jpeg"}],"author":"admin","twitter_card":"summary_large_image","twitter_misc":{"Escrito por":"admin","Tiempo de lectura":"1 minuto"},"schema":{"@context":"https:\/\/schema.org","@graph":[{"@type":"Article","@id":"https:\/\/dataconingenieria.com\/index.php\/2025\/04\/09\/vallado-en-el-alfar-romano-los-tejares-lucena-cordoba\/#article","isPartOf":{"@id":"https:\/\/dataconingenieria.com\/index.php\/2025\/04\/09\/vallado-en-el-alfar-romano-los-tejares-lucena-cordoba\/"},"author":{"name":"admin","@id":"https:\/\/dataconingenieria.com\/#\/schema\/person\/9c4ae54dd5305a64de096213499b452f"},"headline":"Vallado en el ALFAR ROMANO \u201cLos Tejares\u201d Lucena, (C\u00f3rdoba)","datePublished":"2025-04-09T14:14:11+00:00","dateModified":"2025-06-12T10:18:03+00:00","mainEntityOfPage":{"@id":"https:\/\/dataconingenieria.com\/index.php\/2025\/04\/09\/vallado-en-el-alfar-romano-los-tejares-lucena-cordoba\/"},"wordCount":75,"publisher":{"@id":"https:\/\/dataconingenieria.com\/#organization"},"image":{"@id":"https:\/\/dataconingenieria.com\/index.php\/2025\/04\/09\/vallado-en-el-alfar-romano-los-tejares-lucena-cordoba\/#primaryimage"},"thumbnailUrl":"https:\/\/dataconingenieria.com\/wp-content\/uploads\/2025\/04\/Vallado-Alfar-Lucena.jpg","articleSection":["noticias"],"inLanguage":"es"},{"@type":"WebPage","@id":"https:\/\/dataconingenieria.com\/index.php\/2025\/04\/09\/vallado-en-el-alfar-romano-los-tejares-lucena-cordoba\/","url":"https:\/\/dataconingenieria.com\/index.php\/2025\/04\/09\/vallado-en-el-alfar-romano-los-tejares-lucena-cordoba\/","name":"Vallado en el ALFAR ROMANO \u201cLos Tejares\u201d Lucena, (C\u00f3rdoba) - Datacon - Ingenier\u00eda de Construcci\u00f3n","isPartOf":{"@id":"https:\/\/dataconingenieria.com\/#website"},"primaryImageOfPage":{"@id":"https:\/\/dataconingenieria.com\/index.php\/2025\/04\/09\/vallado-en-el-alfar-romano-los-tejares-lucena-cordoba\/#primaryimage"},"image":{"@id":"https:\/\/dataconingenieria.com\/index.php\/2025\/04\/09\/vallado-en-el-alfar-romano-los-tejares-lucena-cordoba\/#primaryimage"},"thumbnailUrl":"https:\/\/dataconingenieria.com\/wp-content\/uploads\/2025\/04\/Vallado-Alfar-Lucena.jpg","datePublished":"2025-04-09T14:14:11+00:00","dateModified":"2025-06-12T10:18:03+00:00","description":"Ejecuci\u00f3n de vallado en el Alfar Romano \u201cLos Tejares\u201d en Lucena por parte de DATACON Ingenier\u00eda. Renovaci\u00f3n y ampliaci\u00f3n.","breadcrumb":{"@id":"https:\/\/dataconingenieria.com\/index.php\/2025\/04\/09\/vallado-en-el-alfar-romano-los-tejares-lucena-cordoba\/#breadcrumb"},"inLanguage":"es","potentialAction":[{"@type":"ReadAction","target":["https:\/\/dataconingenieria.com\/index.php\/2025\/04\/09\/vallado-en-el-alfar-romano-los-tejares-lucena-cordoba\/"]}]},{"@type":"ImageObject","inLanguage":"es","@id":"https:\/\/dataconingenieria.com\/index.php\/2025\/04\/09\/vallado-en-el-alfar-romano-los-tejares-lucena-cordoba\/#primaryimage","url":"https:\/\/dataconingenieria.com\/wp-content\/uploads\/2025\/04\/Vallado-Alfar-Lucena.jpg","contentUrl":"https:\/\/dataconingenieria.com\/wp-content\/uploads\/2025\/04\/Vallado-Alfar-Lucena.jpg","width":1600,"height":1200},{"@type":"BreadcrumbList","@id":"https:\/\/dataconingenieria.com\/index.php\/2025\/04\/09\/vallado-en-el-alfar-romano-los-tejares-lucena-cordoba\/#breadcrumb","itemListElement":[{"@type":"ListItem","position":1,"name":"Portada","item":"https:\/\/dataconingenieria.com\/"},{"@type":"ListItem","position":2,"name":"Vallado en el ALFAR ROMANO \u201cLos Tejares\u201d Lucena, (C\u00f3rdoba)"}]},{"@type":"WebSite","@id":"https:\/\/dataconingenieria.com\/#website","url":"https:\/\/dataconingenieria.com\/","name":"Datacon - Ingenier\u00eda de Construcci\u00f3n","description":"Constructora especializada en ingenier\u00eda civil","publisher":{"@id":"https:\/\/dataconingenieria.com\/#organization"},"potentialAction":[{"@type":"SearchAction","target":{"@type":"EntryPoint","urlTemplate":"https:\/\/dataconingenieria.com\/?s={search_term_string}"},"query-input":{"@type":"PropertyValueSpecification","valueRequired":true,"valueName":"search_term_string"}}],"inLanguage":"es"},{"@type":"Organization","@id":"https:\/\/dataconingenieria.com\/#organization","name":"Datacon - Ingenier\u00eda de Construcci\u00f3n","url":"https:\/\/dataconingenieria.com\/","logo":{"@type":"ImageObject","inLanguage":"es","@id":"https:\/\/dataconingenieria.com\/#\/schema\/logo\/image\/","url":"https:\/\/dataconingenieria.com\/wp-content\/uploads\/2024\/12\/Logo-DATA-sin-fondo-1.png","contentUrl":"https:\/\/dataconingenieria.com\/wp-content\/uploads\/2024\/12\/Logo-DATA-sin-fondo-1.png","width":250,"height":100,"caption":"Datacon - Ingenier\u00eda de Construcci\u00f3n"},"image":{"@id":"https:\/\/dataconingenieria.com\/#\/schema\/logo\/image\/"},"sameAs":["https:\/\/www.facebook.com\/profile.php?id=100008873568400"]},{"@type":"Person","@id":"https:\/\/dataconingenieria.com\/#\/schema\/person\/9c4ae54dd5305a64de096213499b452f","name":"admin","sameAs":["https:\/\/dataconingenieria.com","https:\/\/www.facebook.com\/people\/Datacon-Ingenieria-de-Construccion\/100008873568400\/","https:\/\/es.linkedin.com\/company\/datacon-ingenieria-de-construccion-sl"],"url":"https:\/\/dataconingenieria.com\/index.php\/author\/datacon\/"}]}},"featured_media_urls":{"thumbnail":["https:\/\/dataconingenieria.com\/wp-content\/uploads\/2025\/04\/Vallado-Alfar-Lucena-150x150.jpg",150,150,true],"medium":["https:\/\/dataconingenieria.com\/wp-content\/uploads\/2025\/04\/Vallado-Alfar-Lucena-300x225.jpg",300,225,true],"medium_large":["https:\/\/dataconingenieria.com\/wp-content\/uploads\/2025\/04\/Vallado-Alfar-Lucena-768x576.jpg",768,576,true],"large":["https:\/\/dataconingenieria.com\/wp-content\/uploads\/2025\/04\/Vallado-Alfar-Lucena-1024x768.jpg",1024,768,true],"1536x1536":["https:\/\/dataconingenieria.com\/wp-content\/uploads\/2025\/04\/Vallado-Alfar-Lucena-1536x1152.jpg",1536,1152,true],"2048x2048":["https:\/\/dataconingenieria.com\/wp-content\/uploads\/2025\/04\/Vallado-Alfar-Lucena.jpg",1600,1200,false],"portfolio_item-thumbnail":["https:\/\/dataconingenieria.com\/wp-content\/uploads\/2025\/04\/Vallado-Alfar-Lucena.jpg",533,400,false],"portfolio_item-thumbnail@2x":["https:\/\/dataconingenieria.com\/wp-content\/uploads\/2025\/04\/Vallado-Alfar-Lucena.jpg",1067,800,false],"portfolio_item-masonry":["https:\/\/dataconingenieria.com\/wp-content\/uploads\/2025\/04\/Vallado-Alfar-Lucena.jpg",600,450,false],"portfolio_item-masonry@2x":["https:\/\/dataconingenieria.com\/wp-content\/uploads\/2025\/04\/Vallado-Alfar-Lucena.jpg",1200,900,false],"portfolio_item-thumbnail_cinema":["https:\/\/dataconingenieria.com\/wp-content\/uploads\/2025\/04\/Vallado-Alfar-Lucena.jpg",447,335,false],"portfolio_item-thumbnail_portrait":["https:\/\/dataconingenieria.com\/wp-content\/uploads\/2025\/04\/Vallado-Alfar-Lucena.jpg",600,450,false],"portfolio_item-thumbnail_portrait@2x":["https:\/\/dataconingenieria.com\/wp-content\/uploads\/2025\/04\/Vallado-Alfar-Lucena.jpg",1200,900,false],"portfolio_item-thumbnail_square":["https:\/\/dataconingenieria.com\/wp-content\/uploads\/2025\/04\/Vallado-Alfar-Lucena.jpg",800,600,false],"form-edit-image-preview":["https:\/\/dataconingenieria.com\/wp-content\/uploads\/2025\/04\/Vallado-Alfar-Lucena-155x116.jpg",155,116,true]},"_links":{"self":[{"href":"https:\/\/dataconingenieria.com\/index.php\/wp-json\/wp\/v2\/posts\/448","targetHints":{"allow":["GET"]}}],"collection":[{"href":"https:\/\/dataconingenieria.com\/index.php\/wp-json\/wp\/v2\/posts"}],"about":[{"href":"https:\/\/dataconingenieria.com\/index.php\/wp-json\/wp\/v2\/types\/post"}],"author":[{"embeddable":true,"href":"https:\/\/dataconingenieria.com\/index.php\/wp-json\/wp\/v2\/users\/1"}],"replies":[{"embeddable":true,"href":"https:\/\/dataconingenieria.com\/index.php\/wp-json\/wp\/v2\/comments?post=448"}],"version-history":[{"count":5,"href":"https:\/\/dataconingenieria.com\/index.php\/wp-json\/wp\/v2\/posts\/448\/revisions"}],"predecessor-version":[{"id":458,"href":"https:\/\/dataconingenieria.com\/index.php\/wp-json\/wp\/v2\/posts\/448\/revisions\/458"}],"wp:featuredmedia":[{"embeddable":true,"href":"https:\/\/dataconingenieria.com\/index.php\/wp-json\/wp\/v2\/media\/655"}],"wp:attachment":[{"href":"https:\/\/dataconingenieria.com\/index.php\/wp-json\/wp\/v2\/media?parent=448"}],"wp:term":[{"taxonomy":"category","embeddable":true,"href":"https:\/\/dataconingenieria.com\/index.php\/wp-json\/wp\/v2\/categories?post=448"},{"taxonomy":"post_tag","embeddable":true,"href":"https:\/\/dataconingenieria.com\/index.php\/wp-json\/wp\/v2\/tags?post=448"}],"curies":[{"name":"wp","href":"https:\/\/api.w.org\/{rel}","templated":true}]}}